{"id":202,"date":"2017-02-16T20:01:58","date_gmt":"2017-02-16T20:01:58","guid":{"rendered":"https:\/\/seabrokers.no\/eiendom\/apningsfest-for-cegal-i-seabrokersbygg\/"},"modified":"2023-04-24T12:01:49","modified_gmt":"2023-04-24T12:01:49","slug":"apningsfest-for-cegal-i-seabrokersbygg","status":"publish","type":"post","link":"https:\/\/seabrokers.no\/eiendom\/apningsfest-for-cegal-i-seabrokersbygg\/","title":{"rendered":"\u00c5pningsfest for Cegal i Seabrokersbygg"},"content":{"rendered":"<p>Over 240 arbeidsplasser er n\u00e5 p\u00e5 plass i Seabrokersbygget Vestre Svanholmen 4. 16. februar ble avholdt \u00e5pningsfest for de nye lokalene. Med Cegal om bord har ogs\u00e5 Vestre Svanholmen 4 f\u00e5tt en ny identitet, og fremst\u00e5r n\u00e5 som teknologihuset p\u00e5 Forus. Forus har v\u00e6rt navet i denne regionen de sist 30 \u00e5rene og vil ogs\u00e5, med den fantastiske erfaringen og kompetansen selskapene i regionen innehar, v\u00e6re Norges viktigste n\u00e6ringsklynge i fremtiden.<\/p>\n<p>Seabrokers Eiendom ser fram til et langt og fruktbart samarbeid med Cegal, og det var derfor ekstra kjekt \u00e5 feire samarbeidet med denne h\u00f8ytidelige \u00e5pning av Sandnes ordf\u00f8rer Stanley Wirak. Det var god stemning blant de mange fremm\u00f8tte, og ordf\u00f8reren fremhevet at han var sv\u00e6rt forn\u00f8yd med \u00e5 f\u00e5 240 nye arbeidsplasser inn i Sandnes kommune, samtidig som det gror i N\u00e6ringslivet p\u00e5 Forus. Seabrokers er veldig stolte over \u00e5 ha nok en teknologibedrift p\u00e5 plass i Vestre Svanholmen og \u00f8nsker Cegal velkommen!<\/p>\n","protected":false},"excerpt":{"rendered":"<p>Over 240 arbeidsplasser er n\u00e5 p\u00e5 plass i Seabrokersbygget Vestre Svanholmen 4. 16. februar ble avholdt \u00e5pningsfest for de nye lokalene. Med Cegal om bord har ogs\u00e5 Vestre Svanholmen 4 f\u00e5tt en ny identitet, og fremst\u00e5r n\u00e5 som teknologihuset p\u00e5 Forus. Forus har v\u00e6rt navet i denne regionen de sist 30 \u00e5rene og vil ogs\u00e5, [&hellip;]<\/p>\n","protected":false},"author":1,"featured_media":201,"comment_status":"open","ping_status":"open","sticky":false,"template":"","format":"standard","meta":{"footnotes":"","_links_to":"","_links_to_target":""},"categories":[1],"tags":[],"class_list":["post-202","post","type-post","status-publish","format-standard","hentry","category-nyheter"],"acf":{"subtitle":"","title":"","text":"Det var i dag 16. februar offisiell \u00e5pningsfest for Cegals nye kontorlokaler i Vestre Svanhomen 4.","buttons":null,"image":"","video":"","focus_point":"end","style":"dark","type":"full","overlay_opacity":60,"enable_animation":false,"lottie":"","animation_opacity":60},"_links":{"self":[{"href":"https:\/\/seabrokers.no\/eiendom\/wp-json\/wp\/v2\/posts\/202","targetHints":{"allow":["GET"]}}],"collection":[{"href":"https:\/\/seabrokers.no\/eiendom\/wp-json\/wp\/v2\/posts"}],"about":[{"href":"https:\/\/seabrokers.no\/eiendom\/wp-json\/wp\/v2\/types\/post"}],"author":[{"embeddable":true,"href":"https:\/\/seabrokers.no\/eiendom\/wp-json\/wp\/v2\/users\/1"}],"replies":[{"embeddable":true,"href":"https:\/\/seabrokers.no\/eiendom\/wp-json\/wp\/v2\/comments?post=202"}],"version-history":[{"count":0,"href":"https:\/\/seabrokers.no\/eiendom\/wp-json\/wp\/v2\/posts\/202\/revisions"}],"wp:featuredmedia":[{"embeddable":true,"href":"https:\/\/seabrokers.no\/eiendom\/wp-json\/wp\/v2\/media\/201"}],"wp:attachment":[{"href":"https:\/\/seabrokers.no\/eiendom\/wp-json\/wp\/v2\/media?parent=202"}],"wp:term":[{"taxonomy":"category","embeddable":true,"href":"https:\/\/seabrokers.no\/eiendom\/wp-json\/wp\/v2\/categories?post=202"},{"taxonomy":"post_tag","embeddable":true,"href":"https:\/\/seabrokers.no\/eiendom\/wp-json\/wp\/v2\/tags?post=202"}],"curies":[{"name":"wp","href":"https:\/\/api.w.org\/{rel}","templated":true}]}}