{"id":241,"date":"2015-03-23T15:27:55","date_gmt":"2015-03-23T15:27:55","guid":{"rendered":"https:\/\/seabrokers.no\/eiendom\/oceaneerings-hovedkvarter-offisielt-apnet\/"},"modified":"2023-04-24T13:28:30","modified_gmt":"2023-04-24T13:28:30","slug":"oceaneerings-hovedkvarter-offisielt-apnet","status":"publish","type":"post","link":"https:\/\/seabrokers.no\/eiendom\/oceaneerings-hovedkvarter-offisielt-apnet\/","title":{"rendered":"Oceaneerings hovedkvarter offisielt \u00e5pnet"},"content":{"rendered":"<p>Torsdag 12. mars var dagen Oceaneering House p\u00e5 Forus offisielt ble \u00e5pnet. En rekke prominente gjester fra inn og utland var til stede for \u00e5 overv\u00e6re \u00e5pningen. Festen ble startet med taler fra Oceaneerings VP &amp; Country manager Erik H. S\u00e6stad, President og CEO Kevin McEvoy, samt Seabrokers egen Frode R Albretsen, som er konserndirekt\u00f8r for Seabrokers Eiendom. Etterp\u00e5 ble forsamlingen inndelt i ulike puljer og geleidet ned i den ene verkstedhallen hvor Sandnes Ordf\u00f8rer Stanley Wirak &laquo;klippet snoren&raquo; ved hjelp av en ROV arm. Det hele var flott arrangert, med tilh\u00f8rende underholdning og dansing f\u00f8r og etter seansene.<\/p>\n<p>Etter den offisielle \u00e5pningen ble de ulike gruppene tatt med p\u00e5 omvisning i det spektakul\u00e6re bygget. Store verkstedhaller, og alle de ulike avdelingene ble vist frem, og man fikk ogs\u00e5 et innblikk i hvordan Oceaneering jobber, og hvordan de har effektivisert sine prosesser ved aktivt bruk av Lean.<\/p>\n<p>Etter omvisningen var det opp i atriet hvor det ble mer underholdning, servering av nydelige Tapasretter og full servering utover ettermiddagen.<\/p>\n<p>Seabrokers benytter igjen anledningen til \u00e5 gratulere Oceaneering med sitt nye hovedkvarter!<\/p>\n","protected":false},"excerpt":{"rendered":"<p>Torsdag 12. mars var dagen Oceaneering House p\u00e5 Forus offisielt ble \u00e5pnet. En rekke prominente gjester fra inn og utland var til stede for \u00e5 overv\u00e6re \u00e5pningen. Festen ble startet med taler fra Oceaneerings VP &amp; Country manager Erik H. S\u00e6stad, President og CEO Kevin McEvoy, samt Seabrokers egen Frode R Albretsen, som er konserndirekt\u00f8r [&hellip;]<\/p>\n","protected":false},"author":1,"featured_media":240,"comment_status":"open","ping_status":"open","sticky":false,"template":"","format":"standard","meta":{"footnotes":"","_links_to":"","_links_to_target":""},"categories":[1],"tags":[],"class_list":["post-241","post","type-post","status-publish","format-standard","hentry","category-nyheter"],"acf":{"subtitle":"","title":"","text":"Rundt 250 gjester var samlet da Sandnes Ordf\u00f8rer Stanley Wirak \u00e5pnet Oceaneerings nye hovedkvarter p\u00e5 Forus.","buttons":null,"image":"","video":"","focus_point":"end","style":"dark","type":"full","overlay_opacity":60,"enable_animation":false,"lottie":"","animation_opacity":60},"_links":{"self":[{"href":"https:\/\/seabrokers.no\/eiendom\/wp-json\/wp\/v2\/posts\/241","targetHints":{"allow":["GET"]}}],"collection":[{"href":"https:\/\/seabrokers.no\/eiendom\/wp-json\/wp\/v2\/posts"}],"about":[{"href":"https:\/\/seabrokers.no\/eiendom\/wp-json\/wp\/v2\/types\/post"}],"author":[{"embeddable":true,"href":"https:\/\/seabrokers.no\/eiendom\/wp-json\/wp\/v2\/users\/1"}],"replies":[{"embeddable":true,"href":"https:\/\/seabrokers.no\/eiendom\/wp-json\/wp\/v2\/comments?post=241"}],"version-history":[{"count":0,"href":"https:\/\/seabrokers.no\/eiendom\/wp-json\/wp\/v2\/posts\/241\/revisions"}],"wp:featuredmedia":[{"embeddable":true,"href":"https:\/\/seabrokers.no\/eiendom\/wp-json\/wp\/v2\/media\/240"}],"wp:attachment":[{"href":"https:\/\/seabrokers.no\/eiendom\/wp-json\/wp\/v2\/media?parent=241"}],"wp:term":[{"taxonomy":"category","embeddable":true,"href":"https:\/\/seabrokers.no\/eiendom\/wp-json\/wp\/v2\/categories?post=241"},{"taxonomy":"post_tag","embeddable":true,"href":"https:\/\/seabrokers.no\/eiendom\/wp-json\/wp\/v2\/tags?post=241"}],"curies":[{"name":"wp","href":"https:\/\/api.w.org\/{rel}","templated":true}]}}